{"id":35427,"date":"2025-09-14T10:22:13","date_gmt":"2025-09-14T08:22:13","guid":{"rendered":"https:\/\/usdf.fr\/?p=35427"},"modified":"2025-09-14T10:25:48","modified_gmt":"2025-09-14T08:25:48","slug":"urgence-sdf-et-le-gscf-unis-pour-soutenir-les-plus-demunis","status":"publish","type":"post","link":"https:\/\/usdf.fr\/index.php\/2025\/09\/14\/urgence-sdf-et-le-gscf-unis-pour-soutenir-les-plus-demunis\/","title":{"rendered":"Urgence SDF et le GSCF : unis pour soutenir les plus d\u00e9munis"},"content":{"rendered":"\t\t<div data-elementor-type=\"wp-post\" data-elementor-id=\"35427\" class=\"elementor elementor-35427\" data-elementor-settings=\"[]\">\n\t\t\t\t\t\t<div class=\"elementor-inner\">\n\t\t\t\t\t\t\t<div class=\"elementor-section-wrap\">\n\t\t\t\t\t\t\t<section class=\"elementor-section elementor-top-section elementor-element elementor-element-683b4fab elementor-section-boxed elementor-section-height-default elementor-section-height-default\" data-id=\"683b4fab\" data-element_type=\"section\">\n\t\t\t\t\t\t<div class=\"elementor-container elementor-column-gap-thegem\">\n\t\t\t\t\t\t\t<div class=\"elementor-row\">\n\t\t\t\t\t<div class=\"elementor-column elementor-col-100 elementor-top-column elementor-element elementor-element-3a230b6b\" data-id=\"3a230b6b\" data-element_type=\"column\">\n\t\t\t<div class=\"elementor-column-wrap elementor-element-populated\">\n\t\t\t\t\t\t\t<div class=\"elementor-widget-wrap\">\n\t\t\t\t\t\t<div class=\"elementor-element elementor-element-66e6233d elementor-widget elementor-widget-text-editor\" data-id=\"66e6233d\" data-element_type=\"widget\" data-widget_type=\"text-editor.default\">\n\t\t\t\t<div class=\"elementor-widget-container\">\n\t\t\t\t\t\t\t\t<div class=\"elementor-text-editor elementor-clearfix\">\n\t\t\t\t<p><!-- wp:paragraph --><\/p>\n<h6>&nbsp;Courbevoie, samedi 13 septembre 2025 \u2013 Fid\u00e8le \u00e0 son engagement envers les plus fragiles, le Groupe de Secours Catastrophe Fran\u00e7ais (GSCF) a remis ce jour 60 sacs d\u2019accompagnement (kits de survie) destin\u00e9s aux personnes \u00e0 la rue.<\/h6>\n<p><!-- \/wp:paragraph --><\/p>\n<p><!-- wp:paragraph --><\/p>\n<p>Cette remise a eu lieu au Cercle des Anciens Combattants de Courbevoie, en partenariat avec le comit\u00e9 de la L\u00e9gion d\u2019honneur de Courbevoie \u2013 Nanterre \u2013 Puteaux, fid\u00e8le relais de cette action solidaire depuis de nombreuses ann\u00e9es.<\/p>\n<p><!-- \/wp:paragraph --><\/p>\n<p><!-- wp:paragraph --><\/p>\n<p>Ces sacs, financ\u00e9s par Urgence SDF, contiennent l\u2019essentiel pour apporter un soutien concret aux personnes vivant \u00e0 la rue. Ils seront ensuite distribu\u00e9s par diff\u00e9rentes associations parisiennes en lien direct avec les b\u00e9n\u00e9ficiaires.<\/p>\n<p><!-- \/wp:paragraph --><\/p>\n<p><!-- wp:paragraph --><\/p>\n<p>\ud83d\udc49 Cette op\u00e9ration rappelle que l\u2019union fait la force : Urgence SDF, qui a port\u00e9 cette initiative depuis plusieurs ann\u00e9es, fusionnera tr\u00e8s prochainement avec le GSCF afin de poursuivre et renforcer ces actions en faveur des plus d\u00e9munis.<\/p>\n<p><!-- \/wp:paragraph --><\/p>\n<p><!-- wp:paragraph --><\/p>\n<p>\u00ab Ce geste symbolise la continuit\u00e9 et la volont\u00e9 commune de ne jamais oublier celles et ceux qui vivent dans la pr\u00e9carit\u00e9 la plus extr\u00eame \u00bb, souligne Thierry Velu, pr\u00e9sident fondateur du GSCF.<\/p>\n<p><!-- \/wp:paragraph --><\/p>\n<p><!-- wp:paragraph --><\/p>\n<p><a href=\"https:\/\/www.gscf.fr\/le-gscf-et-urgence-sdf-unis-pour-soutenir-les-plus-demunis\/\" target=\"_blank\">Article du GSCF \/ Acc\u00e9s<\/a><\/p>\n<p><!-- \/wp:paragraph --><\/p>\t\t\t\t\t<\/div>\n\t\t\t\t\t\t<\/div>\n\t\t\t\t<\/div>\n\t\t\t\t\t\t<\/div>\n\t\t\t\t\t<\/div>\n\t\t<\/div>\n\t\t\t\t\t\t\t\t<\/div>\n\t\t\t\t\t<\/div>\n\t\t<\/section>\n\t\t\t\t\t\t<\/div>\n\t\t\t\t\t\t<\/div>\n\t\t\t\t\t<\/div>\n\t\t","protected":false},"excerpt":{"rendered":"<p>&nbsp;Courbevoie, samedi 13 septembre 2025 \u2013 Fid\u00e8le \u00e0 son engagement envers les plus fragiles, le Groupe de Secours Catastrophe Fran\u00e7ais&#8230;<\/p>\n","protected":false},"author":2,"featured_media":35420,"comment_status":"closed","ping_status":"closed","sticky":false,"template":"single-fullwidth.php","format":"standard","meta":[],"categories":[91],"tags":[],"_links":{"self":[{"href":"https:\/\/usdf.fr\/index.php\/wp-json\/wp\/v2\/posts\/35427"}],"collection":[{"href":"https:\/\/usdf.fr\/index.php\/wp-json\/wp\/v2\/posts"}],"about":[{"href":"https:\/\/usdf.fr\/index.php\/wp-json\/wp\/v2\/types\/post"}],"author":[{"embeddable":true,"href":"https:\/\/usdf.fr\/index.php\/wp-json\/wp\/v2\/users\/2"}],"replies":[{"embeddable":true,"href":"https:\/\/usdf.fr\/index.php\/wp-json\/wp\/v2\/comments?post=35427"}],"version-history":[{"count":7,"href":"https:\/\/usdf.fr\/index.php\/wp-json\/wp\/v2\/posts\/35427\/revisions"}],"predecessor-version":[{"id":35434,"href":"https:\/\/usdf.fr\/index.php\/wp-json\/wp\/v2\/posts\/35427\/revisions\/35434"}],"wp:featuredmedia":[{"embeddable":true,"href":"https:\/\/usdf.fr\/index.php\/wp-json\/wp\/v2\/media\/35420"}],"wp:attachment":[{"href":"https:\/\/usdf.fr\/index.php\/wp-json\/wp\/v2\/media?parent=35427"}],"wp:term":[{"taxonomy":"category","embeddable":true,"href":"https:\/\/usdf.fr\/index.php\/wp-json\/wp\/v2\/categories?post=35427"},{"taxonomy":"post_tag","embeddable":true,"href":"https:\/\/usdf.fr\/index.php\/wp-json\/wp\/v2\/tags?post=35427"}],"curies":[{"name":"wp","href":"https:\/\/api.w.org\/{rel}","templated":true}]}}