{"id":35002,"date":"2023-04-12T08:00:38","date_gmt":"2023-04-12T06:00:38","guid":{"rendered":"https:\/\/usdf.fr\/?p=35002"},"modified":"2023-04-12T09:45:04","modified_gmt":"2023-04-12T07:45:04","slug":"journee-des-enfants-des-rues","status":"publish","type":"post","link":"https:\/\/usdf.fr\/index.php\/2023\/04\/12\/journee-des-enfants-des-rues\/","title":{"rendered":"Journ\u00e9e des enfants des rues"},"content":{"rendered":"\t\t<div data-elementor-type=\"wp-post\" data-elementor-id=\"35002\" class=\"elementor elementor-35002\" data-elementor-settings=\"[]\">\n\t\t\t\t\t\t<div class=\"elementor-inner\">\n\t\t\t\t\t\t\t<div class=\"elementor-section-wrap\">\n\t\t\t\t\t\t\t<section class=\"elementor-section elementor-top-section elementor-element elementor-element-794c406 elementor-section-boxed elementor-section-height-default elementor-section-height-default\" data-id=\"794c406\" data-element_type=\"section\">\n\t\t\t\t\t\t<div class=\"elementor-container elementor-column-gap-thegem\">\n\t\t\t\t\t\t\t<div class=\"elementor-row\">\n\t\t\t\t\t<div class=\"elementor-column elementor-col-66 elementor-top-column elementor-element elementor-element-5021def\" data-id=\"5021def\" data-element_type=\"column\">\n\t\t\t<div class=\"elementor-column-wrap elementor-element-populated\">\n\t\t\t\t\t\t\t<div class=\"elementor-widget-wrap\">\n\t\t\t\t\t\t<div class=\"elementor-element elementor-element-f5f0d0c elementor-widget elementor-widget-text-editor\" data-id=\"f5f0d0c\" data-element_type=\"widget\" data-widget_type=\"text-editor.default\">\n\t\t\t\t<div class=\"elementor-widget-container\">\n\t\t\t\t\t\t\t\t<div class=\"elementor-text-editor elementor-clearfix\">\n\t\t\t\t<p style=\"font-weight: 400;\">A l&rsquo;occasion de <a href=\"https:\/\/www.journee-mondiale.com\/214\/journee-des-enfants-des-rues.htm\" target=\"_blank\" rel=\"noopener\">la journ\u00e9e des enfants des rues<\/a>, il est important de se rappeler <strong>des milliers d&rsquo;enfants sans abri qui sont forc\u00e9s de vivre dans des conditions inhumaines et insalubres<\/strong>. Ces enfants sont souvent appel\u00e9s les \u00ab\u00a0enfants des rues\u00a0\u00bb car ils n&rsquo;ont pas de domicile fixe et sont souvent contraints de vivre dans des endroits publics comme les trottoirs, les parcs et les gares.<\/p><p style=\"font-weight: 400;\"><strong>Le probl\u00e8me des enfants des rues est malheureusement r\u00e9pandu dans le monde entier<\/strong>. Selon l&rsquo;Organisation non gouvernementale fran\u00e7aise <a href=\"https:\/\/usdf.fr\/\" target=\"_blank\" rel=\"noopener\">Urgence SDF<\/a>, <strong>il y a environ 150 millions d&rsquo;enfants qui vivent dans les rues \u00e0 travers le monde<\/strong>, dont une grande majorit\u00e9 se trouve en Asie, en Afrique et en Am\u00e9rique latine. <strong>Ces enfants font face \u00e0 de nombreux d\u00e9fis<\/strong>, notamment la faim, la maladie, la violence, l&rsquo;exploitation et l&rsquo;isolement social.<\/p><p style=\"font-weight: 400;\"><strong>La vie des enfants des rues est souvent tr\u00e8s difficile et dangereuse<\/strong>. Ils n&rsquo;ont pas acc\u00e8s \u00e0 l&rsquo;\u00e9ducation, aux soins de sant\u00e9 ou \u00e0 un logement s\u00fbr. <strong>Ils sont souvent victimes de violence, de trafic et d&rsquo;abus sexuels<\/strong>. Leurs droits fondamentaux sont viol\u00e9s quotidiennement, ce qui peut avoir des cons\u00e9quences d\u00e9vastatrices sur leur d\u00e9veloppement physique et \u00e9motionnel.<\/p><p style=\"font-weight: 400;\">En cette journ\u00e9e des enfants des rues, il est important de reconna\u00eetre l&rsquo;urgence de la situation et de prendre des mesures pour aider ces enfants vuln\u00e9rables. <strong>Nous devons travailler ensemble pour trouver des solutions \u00e0 long terme afin de mettre fin \u00e0 la pauvret\u00e9 et \u00e0 l&rsquo;ins\u00e9curit\u00e9<\/strong> qui poussent ces enfants \u00e0 vivre dans les rues.<\/p><p style=\"font-weight: 400;\">Enfin, nous devons aussi sensibiliser le grand public sur les probl\u00e8mes des enfants des rues et <strong>encourager les gens \u00e0 agir pour <a href=\"https:\/\/agir.extranet-urgence-sdf.fr\/\" target=\"_blank\" rel=\"noopener\">aider ces enfants<\/a><\/strong>.<\/p><p style=\"font-weight: 400;\">\u00a0<\/p>\t\t\t\t\t<\/div>\n\t\t\t\t\t\t<\/div>\n\t\t\t\t<\/div>\n\t\t\t\t\t\t<\/div>\n\t\t\t\t\t<\/div>\n\t\t<\/div>\n\t\t\t\t<div class=\"elementor-column elementor-col-33 elementor-top-column elementor-element elementor-element-c78667d\" data-id=\"c78667d\" data-element_type=\"column\">\n\t\t\t<div class=\"elementor-column-wrap elementor-element-populated\">\n\t\t\t\t\t\t\t<div class=\"elementor-widget-wrap\">\n\t\t\t\t\t\t<div class=\"elementor-element elementor-element-2a1d7c3 elementor-widget elementor-widget-thegem-styledimage\" data-id=\"2a1d7c3\" data-element_type=\"widget\" data-settings=\"{&quot;thegem_elementor_preset&quot;:&quot;style-1&quot;,&quot;image&quot;:{&quot;url&quot;:&quot;https:\\\/\\\/usdf.fr\\\/wp-content\\\/uploads\\\/2022\\\/01\\\/urgence-sdf.jpg&quot;,&quot;id&quot;:34416,&quot;alt&quot;:&quot;&quot;,&quot;source&quot;:&quot;library&quot;},&quot;icon_show&quot;:&quot;yes&quot;}\" data-widget_type=\"thegem-styledimage.default\">\n\t\t\t\t<div class=\"elementor-widget-container\">\n\t\t\t\n<div class=\"styled-image-wrapper\">\n\t\t\t<div class=\"gem-image gem-wrapbox gem-wrapbox-style-1 gem-wrapbox-position-left lazy-loading \">\n\t\t\t<div class=\"gem-wrapbox-inner  lazy-loading-item\"  data-ll-effect=\"move-up\">\n\t\t\t\t\t\t\t\t<a href=\"https:\/\/usdf.fr\/wp-content\/uploads\/2022\/01\/urgence-sdf.jpg\" class=\"fancybox\">\n\t\t\t\t\t\t\t\t\t\t<img class=\"gem-wrapbox-element img-responsive \"\n\t\t\t\t\t\t src=\"https:\/\/usdf.fr\/wp-content\/uploads\/2022\/01\/urgence-sdf.jpg\"\n\t\t\t\t\t\t alt=\"The lonely person emerges from the shadow\">\n\t\t\t\t\t\t\t\t\t\t<i aria-hidden=\"true\" class=\"fas fa-camera\"><\/i>\t\t\t\t<\/a>\n\t\t\t\t\t\t<\/div>\n\t\t<\/div>\n\t\t<\/div>\n\n\n\t\n\t\t\t\t<\/div>\n\t\t\t\t<\/div>\n\t\t\t\t\t\t<\/div>\n\t\t\t\t\t<\/div>\n\t\t<\/div>\n\t\t\t\t\t\t\t\t<\/div>\n\t\t\t\t\t<\/div>\n\t\t<\/section>\n\t\t\t\t<section class=\"elementor-section elementor-top-section elementor-element elementor-element-aec8e90 elementor-section-boxed elementor-section-height-default elementor-section-height-default\" data-id=\"aec8e90\" data-element_type=\"section\">\n\t\t\t\t\t\t<div class=\"elementor-container elementor-column-gap-thegem\">\n\t\t\t\t\t\t\t<div class=\"elementor-row\">\n\t\t\t\t\t<div class=\"elementor-column elementor-col-100 elementor-top-column elementor-element elementor-element-ce57be6\" data-id=\"ce57be6\" data-element_type=\"column\">\n\t\t\t<div class=\"elementor-column-wrap elementor-element-populated\">\n\t\t\t\t\t\t\t<div class=\"elementor-widget-wrap\">\n\t\t\t\t\t\t<div class=\"elementor-element elementor-element-106624e elementor-widget elementor-widget-text-editor\" data-id=\"106624e\" data-element_type=\"widget\" data-widget_type=\"text-editor.default\">\n\t\t\t\t<div class=\"elementor-widget-container\">\n\t\t\t\t\t\t\t\t<div class=\"elementor-text-editor elementor-clearfix\">\n\t\t\t\t<blockquote><p style=\"text-align: center;\"><strong>La journ\u00e9e des enfants des rues est l&rsquo;occasion de mettre en lumi\u00e8re la situation alarmante des enfants sans abri dans le monde entier. Nous devons agir ensemble pour aider ces enfants vuln\u00e9rables et leur donner la possibilit\u00e9 d&rsquo;avoir un avenir meilleur. Nous ne pouvons pas rester indiff\u00e9rents \u00e0 leur sort.<\/strong><\/p><\/blockquote>\t\t\t\t\t<\/div>\n\t\t\t\t\t\t<\/div>\n\t\t\t\t<\/div>\n\t\t\t\t\t\t<\/div>\n\t\t\t\t\t<\/div>\n\t\t<\/div>\n\t\t\t\t\t\t\t\t<\/div>\n\t\t\t\t\t<\/div>\n\t\t<\/section>\n\t\t\t\t\t\t<\/div>\n\t\t\t\t\t\t<\/div>\n\t\t\t\t\t<\/div>\n\t\t","protected":false},"excerpt":{"rendered":"<p>A l&rsquo;occasion de la journ\u00e9e des enfants des rues, il est important de se rappeler des milliers d&rsquo;enfants sans abri&#8230;<\/p>\n","protected":false},"author":2,"featured_media":34229,"comment_status":"closed","ping_status":"closed","sticky":false,"template":"single-fullwidth.php","format":"standard","meta":[],"categories":[91],"tags":[],"_links":{"self":[{"href":"https:\/\/usdf.fr\/index.php\/wp-json\/wp\/v2\/posts\/35002"}],"collection":[{"href":"https:\/\/usdf.fr\/index.php\/wp-json\/wp\/v2\/posts"}],"about":[{"href":"https:\/\/usdf.fr\/index.php\/wp-json\/wp\/v2\/types\/post"}],"author":[{"embeddable":true,"href":"https:\/\/usdf.fr\/index.php\/wp-json\/wp\/v2\/users\/2"}],"replies":[{"embeddable":true,"href":"https:\/\/usdf.fr\/index.php\/wp-json\/wp\/v2\/comments?post=35002"}],"version-history":[{"count":5,"href":"https:\/\/usdf.fr\/index.php\/wp-json\/wp\/v2\/posts\/35002\/revisions"}],"predecessor-version":[{"id":35007,"href":"https:\/\/usdf.fr\/index.php\/wp-json\/wp\/v2\/posts\/35002\/revisions\/35007"}],"wp:featuredmedia":[{"embeddable":true,"href":"https:\/\/usdf.fr\/index.php\/wp-json\/wp\/v2\/media\/34229"}],"wp:attachment":[{"href":"https:\/\/usdf.fr\/index.php\/wp-json\/wp\/v2\/media?parent=35002"}],"wp:term":[{"taxonomy":"category","embeddable":true,"href":"https:\/\/usdf.fr\/index.php\/wp-json\/wp\/v2\/categories?post=35002"},{"taxonomy":"post_tag","embeddable":true,"href":"https:\/\/usdf.fr\/index.php\/wp-json\/wp\/v2\/tags?post=35002"}],"curies":[{"name":"wp","href":"https:\/\/api.w.org\/{rel}","templated":true}]}}