{"id":34670,"date":"2022-09-29T13:23:19","date_gmt":"2022-09-29T11:23:19","guid":{"rendered":"https:\/\/usdf.fr\/?p=34670"},"modified":"2022-09-29T13:23:20","modified_gmt":"2022-09-29T11:23:20","slug":"presentation-et-don-de-kits-de-survie-au-ccas-de-sallanches","status":"publish","type":"post","link":"https:\/\/usdf.fr\/index.php\/2022\/09\/29\/presentation-et-don-de-kits-de-survie-au-ccas-de-sallanches\/","title":{"rendered":"Pr\u00e9sentation et don de kits de survie au CCAS de Sallanches"},"content":{"rendered":"\n<div class=\"wp-block-image\"><figure class=\"alignleft size-large is-resized\"><img src=\"https:\/\/usdf.fr\/wp-content\/uploads\/2022\/09\/9715-1024x768.jpg\" alt=\"\" class=\"wp-image-34674\" width=\"406\" height=\"304\" srcset=\"https:\/\/usdf.fr\/wp-content\/uploads\/2022\/09\/9715-1024x768.jpg 1024w, https:\/\/usdf.fr\/wp-content\/uploads\/2022\/09\/9715-300x225.jpg 300w, https:\/\/usdf.fr\/wp-content\/uploads\/2022\/09\/9715-768x576.jpg 768w, https:\/\/usdf.fr\/wp-content\/uploads\/2022\/09\/9715-1536x1152.jpg 1536w, https:\/\/usdf.fr\/wp-content\/uploads\/2022\/09\/9715-2048x1536.jpg 2048w\" sizes=\"(max-width: 406px) 100vw, 406px\" \/><\/figure><\/div>\n\n\n\n<p>C\u2019est dans le cadre du soutien aux personnes \u00e0 la rue, et plus particuli\u00e8rement pour les primo-arrivants, qu\u2019Urgence SDF poursuit l\u2019action du <a href=\"https:\/\/www.gscf.fr\/\" target=\"_blank\" rel=\"noreferrer noopener\">GSCF<\/a> en offrant des kits de survie.\u00a0<\/p>\n\n\n\n<p>Ainsi, <a href=\"https:\/\/www.gscf.fr\/damien-evrard-sapeur-pompier-gscf-dans-le-departement-74\/\" target=\"_blank\" rel=\"noreferrer noopener\">Damien EVRARD<\/a>, assistant du Pr\u00e9sident du GSCF et <a href=\"https:\/\/usdf.fr\/\" target=\"_blank\" rel=\"noreferrer noopener\">d\u2019Urgence SD<\/a>F, s\u2019est longuement entretenu avec les \u00e9lus de la commune de Sallanches (Haute-Savoie) pour pr\u00e9senter le <a href=\"https:\/\/usdf.fr\/index.php\/2021\/12\/01\/sortie-du-nouveau-kit-de-survie-pour-les-personnes-a-la-rue-2\/\" target=\"_blank\" rel=\"noreferrer noopener\">kit de survie \u00e0<\/a> destination des personnes \u00e0 la rue.\u00a0<\/p>\n\n\n\n<p>\u00c9taient pr\u00e9sents \u00e0 cette pr\u00e9sentation Madame France SCARIOT (directrice du CCAS) et Monsieur J\u00e9r\u00f4me LEPAN (adjoint aux affaires sociales).&nbsp;<\/p>\n\n\n\n<p>Urgence SDF a offert 4&nbsp;kits d\u2019urgence&nbsp;+ 1&nbsp;kit pour les animaux de compagnie, qui seront remis en cas d\u2019urgence pour des personnes ne pouvant pas \u00eatre h\u00e9berg\u00e9es.&nbsp;<\/p>\n\n\n\n<p><strong>L\u2019ensemble des personnes sur place ont \u00e9t\u00e9 tr\u00e8s surprises du contenu du kit de survie destin\u00e9 aux personnes SDF.\u00a0<\/strong><\/p>\n\n\n\n<p>Bien entendu, comme nous l\u2019avons toujours \u00e9voqu\u00e9, remettre un kit de survie n\u2019est aucunement une solution, et notre objectif reste identique\u00a0: faire changer cette prise en charge <a href=\"https:\/\/usdf.fr\/index.php\/2022\/04\/12\/cinq-ans-pour-changer-la-prise-en-charge-des-personnes-a-la-rue\/\" target=\"_blank\" rel=\"noreferrer noopener\">d\u2019ici cinq ans.<\/a>\u00a0<\/p>\n\n\n\n<p class=\"has-text-align-center\"><strong><a href=\"https:\/\/agir.extranet-urgence-sdf.fr\/\" target=\"_blank\" rel=\"noreferrer noopener\">FAIRE UN DON A URGENCE SDF<\/a> <\/strong><\/p>\n","protected":false},"excerpt":{"rendered":"<p>C\u2019est dans le cadre du soutien aux personnes \u00e0 la rue, et plus particuli\u00e8rement pour les primo-arrivants, qu\u2019Urgence SDF poursuit&#8230;<\/p>\n","protected":false},"author":2,"featured_media":34676,"comment_status":"closed","ping_status":"closed","sticky":false,"template":"single-fullwidth.php","format":"standard","meta":[],"categories":[91],"tags":[],"_links":{"self":[{"href":"https:\/\/usdf.fr\/index.php\/wp-json\/wp\/v2\/posts\/34670"}],"collection":[{"href":"https:\/\/usdf.fr\/index.php\/wp-json\/wp\/v2\/posts"}],"about":[{"href":"https:\/\/usdf.fr\/index.php\/wp-json\/wp\/v2\/types\/post"}],"author":[{"embeddable":true,"href":"https:\/\/usdf.fr\/index.php\/wp-json\/wp\/v2\/users\/2"}],"replies":[{"embeddable":true,"href":"https:\/\/usdf.fr\/index.php\/wp-json\/wp\/v2\/comments?post=34670"}],"version-history":[{"count":4,"href":"https:\/\/usdf.fr\/index.php\/wp-json\/wp\/v2\/posts\/34670\/revisions"}],"predecessor-version":[{"id":34675,"href":"https:\/\/usdf.fr\/index.php\/wp-json\/wp\/v2\/posts\/34670\/revisions\/34675"}],"wp:featuredmedia":[{"embeddable":true,"href":"https:\/\/usdf.fr\/index.php\/wp-json\/wp\/v2\/media\/34676"}],"wp:attachment":[{"href":"https:\/\/usdf.fr\/index.php\/wp-json\/wp\/v2\/media?parent=34670"}],"wp:term":[{"taxonomy":"category","embeddable":true,"href":"https:\/\/usdf.fr\/index.php\/wp-json\/wp\/v2\/categories?post=34670"},{"taxonomy":"post_tag","embeddable":true,"href":"https:\/\/usdf.fr\/index.php\/wp-json\/wp\/v2\/tags?post=34670"}],"curies":[{"name":"wp","href":"https:\/\/api.w.org\/{rel}","templated":true}]}}