{"id":34662,"date":"2022-09-27T20:11:52","date_gmt":"2022-09-27T18:11:52","guid":{"rendered":"https:\/\/usdf.fr\/?p=34662"},"modified":"2022-09-27T20:13:02","modified_gmt":"2022-09-27T18:13:02","slug":"sans-vous-nous-ny-arriverons-pas","status":"publish","type":"post","link":"https:\/\/usdf.fr\/index.php\/2022\/09\/27\/sans-vous-nous-ny-arriverons-pas\/","title":{"rendered":"Sans vous, nous n\u2019y arriverons pas"},"content":{"rendered":"\t\t<div data-elementor-type=\"wp-post\" data-elementor-id=\"34662\" class=\"elementor elementor-34662\" data-elementor-settings=\"[]\">\n\t\t\t\t\t\t<div class=\"elementor-inner\">\n\t\t\t\t\t\t\t<div class=\"elementor-section-wrap\">\n\t\t\t\t\t\t\t<section class=\"elementor-section elementor-top-section elementor-element elementor-element-ecc6ffb elementor-section-boxed elementor-section-height-default elementor-section-height-default\" data-id=\"ecc6ffb\" data-element_type=\"section\">\n\t\t\t\t\t\t<div class=\"elementor-container elementor-column-gap-thegem\">\n\t\t\t\t\t\t\t<div class=\"elementor-row\">\n\t\t\t\t\t<div class=\"elementor-column elementor-col-100 elementor-top-column elementor-element elementor-element-695519f5\" data-id=\"695519f5\" data-element_type=\"column\">\n\t\t\t<div class=\"elementor-column-wrap elementor-element-populated\">\n\t\t\t\t\t\t\t<div class=\"elementor-widget-wrap\">\n\t\t\t\t\t\t<div class=\"elementor-element elementor-element-13c1ed3f elementor-widget elementor-widget-text-editor\" data-id=\"13c1ed3f\" data-element_type=\"widget\" data-widget_type=\"text-editor.default\">\n\t\t\t\t<div class=\"elementor-widget-container\">\n\t\t\t\t\t\t\t\t<div class=\"elementor-text-editor elementor-clearfix\">\n\t\t\t\t<p><!-- wp:paragraph --><\/p>\n<p>&nbsp;Nous l\u2019\u00e9voquions d\u00e8s la cr\u00e9ation d\u2019Urgence SDF, nous nous donnons jusqu\u2019au d\u00e9but de l\u2019ann\u00e9e&nbsp;2027 pour faire changer la prise en charge des personnes \u00e0 la rue.&nbsp;<\/p>\n<p><!-- \/wp:paragraph --><\/p>\n<p><!-- wp:paragraph --><\/p>\n<p>Si nous souhaitons \u00eatre entendus et \u00e9cout\u00e9s, et peser sur des d\u00e9cisions, nous avons besoin de vous en soutien.&nbsp;<\/p>\n<p><!-- \/wp:paragraph --><\/p>\n<p><!-- wp:paragraph --><\/p>\n<p>Aucun gouvernement n\u2019a r\u00e9ussi \u00e0 endiguer le probl\u00e8me ni eu la volont\u00e9 de tenter des actions autres que l\u2019assistanat, qui donne peu de moyens \u00e0 une personne de s\u2019en sortir.<\/p>\n<p><!-- \/wp:paragraph --><\/p>\n<p><!-- wp:paragraph --><\/p>\n<p>Comme je l\u2019\u00e9voque depuis toujours, une personne \u00e0 qui nous \u00e9vitons la rue co\u00fbtera moins cher \u00e0 la soci\u00e9t\u00e9 que de la laisser souffrir, se d\u00e9grader, voire mourir \u00e0 nos portes.&nbsp;<\/p>\n<p><!-- \/wp:paragraph --><\/p>\n<p><!-- wp:paragraph --><\/p>\n<p>Alors, si aujourd\u2019hui vous souhaitez qu\u2019une association \u0153uvre et agisse autrement, rejoignez-nous en qualit\u00e9 de donateur afin que, demain, nous puissions \u00eatre entendus.&nbsp;<strong><a href=\"https:\/\/agir.extranet-urgence-sdf.fr\/\" target=\"_blank\" rel=\"noreferrer noopener\"> FAIRE UN DON MAINTENANT ICI<\/a><\/strong><\/p>\n<p><!-- \/wp:paragraph --><\/p>\n<p><!-- wp:paragraph {\"align\":\"center\"} --><\/p>\n<p class=\"has-text-align-center\"><em><strong>Thierry<\/strong> <strong>VELU<\/strong><\/em><\/p>\n<p><!-- \/wp:paragraph --><\/p>\t\t\t\t\t<\/div>\n\t\t\t\t\t\t<\/div>\n\t\t\t\t<\/div>\n\t\t\t\t\t\t<\/div>\n\t\t\t\t\t<\/div>\n\t\t<\/div>\n\t\t\t\t\t\t\t\t<\/div>\n\t\t\t\t\t<\/div>\n\t\t<\/section>\n\t\t\t\t\t\t<\/div>\n\t\t\t\t\t\t<\/div>\n\t\t\t\t\t<\/div>\n\t\t","protected":false},"excerpt":{"rendered":"<p>&nbsp;Nous l\u2019\u00e9voquions d\u00e8s la cr\u00e9ation d\u2019Urgence SDF, nous nous donnons jusqu\u2019au d\u00e9but de l\u2019ann\u00e9e&nbsp;2027 pour faire changer la prise en&#8230;<\/p>\n","protected":false},"author":2,"featured_media":33913,"comment_status":"closed","ping_status":"closed","sticky":false,"template":"single-fullwidth.php","format":"standard","meta":[],"categories":[91],"tags":[],"_links":{"self":[{"href":"https:\/\/usdf.fr\/index.php\/wp-json\/wp\/v2\/posts\/34662"}],"collection":[{"href":"https:\/\/usdf.fr\/index.php\/wp-json\/wp\/v2\/posts"}],"about":[{"href":"https:\/\/usdf.fr\/index.php\/wp-json\/wp\/v2\/types\/post"}],"author":[{"embeddable":true,"href":"https:\/\/usdf.fr\/index.php\/wp-json\/wp\/v2\/users\/2"}],"replies":[{"embeddable":true,"href":"https:\/\/usdf.fr\/index.php\/wp-json\/wp\/v2\/comments?post=34662"}],"version-history":[{"count":6,"href":"https:\/\/usdf.fr\/index.php\/wp-json\/wp\/v2\/posts\/34662\/revisions"}],"predecessor-version":[{"id":34668,"href":"https:\/\/usdf.fr\/index.php\/wp-json\/wp\/v2\/posts\/34662\/revisions\/34668"}],"wp:featuredmedia":[{"embeddable":true,"href":"https:\/\/usdf.fr\/index.php\/wp-json\/wp\/v2\/media\/33913"}],"wp:attachment":[{"href":"https:\/\/usdf.fr\/index.php\/wp-json\/wp\/v2\/media?parent=34662"}],"wp:term":[{"taxonomy":"category","embeddable":true,"href":"https:\/\/usdf.fr\/index.php\/wp-json\/wp\/v2\/categories?post=34662"},{"taxonomy":"post_tag","embeddable":true,"href":"https:\/\/usdf.fr\/index.php\/wp-json\/wp\/v2\/tags?post=34662"}],"curies":[{"name":"wp","href":"https:\/\/api.w.org\/{rel}","templated":true}]}}