{"id":34573,"date":"2022-06-01T12:04:30","date_gmt":"2022-06-01T10:04:30","guid":{"rendered":"https:\/\/usdf.fr\/?p=34573"},"modified":"2022-06-01T12:04:31","modified_gmt":"2022-06-01T10:04:31","slug":"soutien-en-kits-de-survie-a-annecy","status":"publish","type":"post","link":"https:\/\/usdf.fr\/index.php\/2022\/06\/01\/soutien-en-kits-de-survie-a-annecy\/","title":{"rendered":"Soutien en kits de survie \u00e0 Annecy\u00a0"},"content":{"rendered":"\n<div class=\"wp-block-image\"><figure class=\"alignleft size-large is-resized\"><img src=\"https:\/\/usdf.fr\/wp-content\/uploads\/2022\/06\/WhatsApp-Image-2022-06-01-at-09.54.05-1024x768.jpeg\" alt=\"\" class=\"wp-image-34578\" width=\"503\" height=\"377\" srcset=\"https:\/\/usdf.fr\/wp-content\/uploads\/2022\/06\/WhatsApp-Image-2022-06-01-at-09.54.05-1024x768.jpeg 1024w, https:\/\/usdf.fr\/wp-content\/uploads\/2022\/06\/WhatsApp-Image-2022-06-01-at-09.54.05-300x225.jpeg 300w, https:\/\/usdf.fr\/wp-content\/uploads\/2022\/06\/WhatsApp-Image-2022-06-01-at-09.54.05-768x576.jpeg 768w, https:\/\/usdf.fr\/wp-content\/uploads\/2022\/06\/WhatsApp-Image-2022-06-01-at-09.54.05-1536x1152.jpeg 1536w, https:\/\/usdf.fr\/wp-content\/uploads\/2022\/06\/WhatsApp-Image-2022-06-01-at-09.54.05.jpeg 1600w\" sizes=\"(max-width: 503px) 100vw, 503px\" \/><\/figure><\/div>\n\n\n\n<p>Ce 1<sup>er<\/sup>\u00a0juin, dans le cadre du soutien aux associations d\u2019aide aupr\u00e8s des personnes \u00e0 la rue, Urgence\u00a0SDF a offert des<strong> <a href=\"https:\/\/usdf.fr\/index.php\/2021\/12\/01\/sortie-du-nouveau-kit-de-survie-pour-les-personnes-a-la-rue-2\/\" target=\"_blank\" rel=\"noreferrer noopener\">kits de survie <\/a><\/strong>et des kits pour animaux de compagnie \u00e0 l\u2019Ordre de Malte d\u2019Annecy.<\/p>\n\n\n\n<p>Ce mat\u00e9riel sera distribu\u00e9 aux personnes \u00e0 la rue par l\u2019Ordre de Malte.&nbsp;<\/p>\n\n\n\n<p>Urgence&nbsp;SDF soutient les associations en leur fournissant du mat\u00e9riel \u00e0 destination des personnes \u00e0 la rue.<\/p>\n\n\n\n<p>Pour urgence&nbsp;SDF, la priorit\u00e9 reste de trouver des solutions afin de changer la prise en charge des personnes sans domicile, et elle se donne cinq ans \u00e0 compter de 2022 pour \u00eatre entendue.&nbsp;<\/p>\n\n\n\n<p><strong>Afin de continuer ses actions, Urgence\u00a0SDF a besoin de vous.<\/strong><\/p>\n\n\n\n<p><strong><a href=\"https:\/\/agir.extranet-urgence-sdf.fr\/\" target=\"_blank\" rel=\"noreferrer noopener\">\u00a0FAIRE UN DON A URGENCE SDF<\/a><\/strong><\/p>\n","protected":false},"excerpt":{"rendered":"<p>Ce 1er\u00a0juin, dans le cadre du soutien aux associations d\u2019aide aupr\u00e8s des personnes \u00e0 la rue, Urgence\u00a0SDF a offert des&#8230;<\/p>\n","protected":false},"author":2,"featured_media":34580,"comment_status":"closed","ping_status":"closed","sticky":false,"template":"single-fullwidth.php","format":"standard","meta":[],"categories":[91],"tags":[],"_links":{"self":[{"href":"https:\/\/usdf.fr\/index.php\/wp-json\/wp\/v2\/posts\/34573"}],"collection":[{"href":"https:\/\/usdf.fr\/index.php\/wp-json\/wp\/v2\/posts"}],"about":[{"href":"https:\/\/usdf.fr\/index.php\/wp-json\/wp\/v2\/types\/post"}],"author":[{"embeddable":true,"href":"https:\/\/usdf.fr\/index.php\/wp-json\/wp\/v2\/users\/2"}],"replies":[{"embeddable":true,"href":"https:\/\/usdf.fr\/index.php\/wp-json\/wp\/v2\/comments?post=34573"}],"version-history":[{"count":5,"href":"https:\/\/usdf.fr\/index.php\/wp-json\/wp\/v2\/posts\/34573\/revisions"}],"predecessor-version":[{"id":34579,"href":"https:\/\/usdf.fr\/index.php\/wp-json\/wp\/v2\/posts\/34573\/revisions\/34579"}],"wp:featuredmedia":[{"embeddable":true,"href":"https:\/\/usdf.fr\/index.php\/wp-json\/wp\/v2\/media\/34580"}],"wp:attachment":[{"href":"https:\/\/usdf.fr\/index.php\/wp-json\/wp\/v2\/media?parent=34573"}],"wp:term":[{"taxonomy":"category","embeddable":true,"href":"https:\/\/usdf.fr\/index.php\/wp-json\/wp\/v2\/categories?post=34573"},{"taxonomy":"post_tag","embeddable":true,"href":"https:\/\/usdf.fr\/index.php\/wp-json\/wp\/v2\/tags?post=34573"}],"curies":[{"name":"wp","href":"https:\/\/api.w.org\/{rel}","templated":true}]}}