{"id":34527,"date":"2022-04-12T16:23:40","date_gmt":"2022-04-12T14:23:40","guid":{"rendered":"https:\/\/usdf.fr\/?p=34527"},"modified":"2022-04-12T16:24:26","modified_gmt":"2022-04-12T14:24:26","slug":"cinq-ans-pour-changer-la-prise-en-charge-des-personnes-a-la-rue","status":"publish","type":"post","link":"https:\/\/usdf.fr\/index.php\/2022\/04\/12\/cinq-ans-pour-changer-la-prise-en-charge-des-personnes-a-la-rue\/","title":{"rendered":"Cinq ans pour changer la prise en charge des personnes \u00e0 la rue"},"content":{"rendered":"\t\t<div data-elementor-type=\"wp-post\" data-elementor-id=\"34527\" class=\"elementor elementor-34527\" data-elementor-settings=\"[]\">\n\t\t\t\t\t\t<div class=\"elementor-inner\">\n\t\t\t\t\t\t\t<div class=\"elementor-section-wrap\">\n\t\t\t\t\t\t\t<section class=\"elementor-section elementor-top-section elementor-element elementor-element-30556a56 elementor-section-boxed elementor-section-height-default elementor-section-height-default\" data-id=\"30556a56\" data-element_type=\"section\">\n\t\t\t\t\t\t<div class=\"elementor-container elementor-column-gap-thegem\">\n\t\t\t\t\t\t\t<div class=\"elementor-row\">\n\t\t\t\t\t<div class=\"elementor-column elementor-col-100 elementor-top-column elementor-element elementor-element-4429e922\" data-id=\"4429e922\" data-element_type=\"column\">\n\t\t\t<div class=\"elementor-column-wrap elementor-element-populated\">\n\t\t\t\t\t\t\t<div class=\"elementor-widget-wrap\">\n\t\t\t\t\t\t<div class=\"elementor-element elementor-element-7e3a7a90 elementor-widget elementor-widget-text-editor\" data-id=\"7e3a7a90\" data-element_type=\"widget\" data-widget_type=\"text-editor.default\">\n\t\t\t\t<div class=\"elementor-widget-container\">\n\t\t\t\t\t\t\t\t<div class=\"elementor-text-editor elementor-clearfix\">\n\t\t\t\t<p><!-- wp:paragraph --><\/p>\n<p><a rel=\"noreferrer noopener\" href=\"https:\/\/usdf.fr\/\" target=\"_blank\">Urgence&nbsp;SDF <\/a>a \u00e9t\u00e9 cr\u00e9\u00e9e par le <a href=\"https:\/\/www.gscf.fr\/\" target=\"_blank\" rel=\"noreferrer noopener\">GSCF<\/a> suite \u00e0 son action depuis 10&nbsp;ans en faveur des personnes \u00e0 la rue.<\/p>\n<p><!-- \/wp:paragraph --><\/p>\n<p><!-- wp:paragraph --><\/p>\n<p>L\u2019association a derni\u00e8rement interpell\u00e9 les candidats \u00e0 l\u2019\u00e9lection pr\u00e9sidentielle en diffusant un manifeste sur la prise en charge des personnes \u00e0 la rue.<\/p>\n<p><!-- \/wp:paragraph --><\/p>\n<p><!-- wp:paragraph --><\/p>\n<p>Urgence SDF a pour premi\u00e8re vocation d\u2019intervenir pour tout mettre en \u0153uvre afin de trouver des solutions pour \u00e9viter la rue.&nbsp;<\/p>\n<p><!-- \/wp:paragraph --><\/p>\n<p><!-- wp:paragraph --><\/p>\n<p>Pour Thierry VELU, pr\u00e9sident d\u2019Urgence SDF, c\u2019est une totale aberration. En effet, il n\u2019y a jamais eu  de volont\u00e9 r\u00e9elle de sortir les personnes de la rue, y compris chez certaines associations.&nbsp;<\/p>\n<p><!-- \/wp:paragraph --><\/p>\n<p><!-- wp:paragraph --><\/p>\n<p><a href=\"https:\/\/usdf.fr\/index.php\/2022\/03\/15\/sdf-lettre-et-manifeste-transmis-aux-candidats-a-lelection-presidentielle-2022\/\" target=\"_blank\" rel=\"noreferrer noopener\">L\u2019absence de r\u00e9ponses des candidats \u00e0 l\u2019\u00e9lection pr\u00e9sidentielle <\/a>montre bien que ce sujet n\u2019int\u00e9resse personne, ou qu\u2019il int\u00e9resse uniquement pour des effets d\u2019annonce \u00e0 vocation \u00e9lectorale.<\/p>\n<p><!-- \/wp:paragraph --><\/p>\n<p><!-- wp:paragraph {\"fontSize\":\"medium\"} --><\/p>\n<p class=\"has-medium-font-size\"><strong><em>Nous nous donnons 5&nbsp;ans pour faire changer la prise en charge des personnes \u00e0 la rue, et nous y arriverons ensemble. Aujourd\u2019hui, nous avons besoin de vous \u00e0 nos c\u00f4t\u00e9s pour \u00e9radiquer cette  mis\u00e8re grandissante.&nbsp;<\/em><\/strong><\/p>\n<p><!-- \/wp:paragraph --><\/p>\n<p><!-- wp:paragraph --><\/p>\n<p><strong>Pour cela, dans les prochaines semaines, nous lancerons des projets novateurs.<\/strong><\/p>\n<p><!-- \/wp:paragraph --><\/p>\t\t\t\t\t<\/div>\n\t\t\t\t\t\t<\/div>\n\t\t\t\t<\/div>\n\t\t\t\t\t\t<\/div>\n\t\t\t\t\t<\/div>\n\t\t<\/div>\n\t\t\t\t\t\t\t\t<\/div>\n\t\t\t\t\t<\/div>\n\t\t<\/section>\n\t\t\t\t\t\t<\/div>\n\t\t\t\t\t\t<\/div>\n\t\t\t\t\t<\/div>\n\t\t","protected":false},"excerpt":{"rendered":"<p>Urgence&nbsp;SDF a \u00e9t\u00e9 cr\u00e9\u00e9e par le GSCF suite \u00e0 son action depuis 10&nbsp;ans en faveur des personnes \u00e0 la rue&#8230;.<\/p>\n","protected":false},"author":2,"featured_media":33915,"comment_status":"closed","ping_status":"closed","sticky":false,"template":"single-fullwidth.php","format":"standard","meta":[],"categories":[91],"tags":[],"_links":{"self":[{"href":"https:\/\/usdf.fr\/index.php\/wp-json\/wp\/v2\/posts\/34527"}],"collection":[{"href":"https:\/\/usdf.fr\/index.php\/wp-json\/wp\/v2\/posts"}],"about":[{"href":"https:\/\/usdf.fr\/index.php\/wp-json\/wp\/v2\/types\/post"}],"author":[{"embeddable":true,"href":"https:\/\/usdf.fr\/index.php\/wp-json\/wp\/v2\/users\/2"}],"replies":[{"embeddable":true,"href":"https:\/\/usdf.fr\/index.php\/wp-json\/wp\/v2\/comments?post=34527"}],"version-history":[{"count":6,"href":"https:\/\/usdf.fr\/index.php\/wp-json\/wp\/v2\/posts\/34527\/revisions"}],"predecessor-version":[{"id":34533,"href":"https:\/\/usdf.fr\/index.php\/wp-json\/wp\/v2\/posts\/34527\/revisions\/34533"}],"wp:featuredmedia":[{"embeddable":true,"href":"https:\/\/usdf.fr\/index.php\/wp-json\/wp\/v2\/media\/33915"}],"wp:attachment":[{"href":"https:\/\/usdf.fr\/index.php\/wp-json\/wp\/v2\/media?parent=34527"}],"wp:term":[{"taxonomy":"category","embeddable":true,"href":"https:\/\/usdf.fr\/index.php\/wp-json\/wp\/v2\/categories?post=34527"},{"taxonomy":"post_tag","embeddable":true,"href":"https:\/\/usdf.fr\/index.php\/wp-json\/wp\/v2\/tags?post=34527"}],"curies":[{"name":"wp","href":"https:\/\/api.w.org\/{rel}","templated":true}]}}